{"id":1041,"date":"2018-12-09T00:00:00","date_gmt":"2018-12-08T23:00:00","guid":{"rendered":"https:\/\/lawash.es\/la-bugaderia-autoservei-al-centre-comercial\/"},"modified":"2024-08-19T17:23:25","modified_gmt":"2024-08-19T15:23:25","slug":"la-bugaderia-autoservei-al-centre-comercial","status":"publish","type":"post","link":"https:\/\/lawash.es\/ca\/la-bugaderia-autoservei-al-centre-comercial\/","title":{"rendered":"La bugaderia autoservei al centre comercial"},"content":{"rendered":"<h1><strong>Avantatges de la bugaderia autoservei al centre comercial<\/strong><\/h1>\n<blockquote>\n<h2><span style=\"color: #000080;\">Has de fer la bugada de la forma m\u00e9s r\u00e0pida possible, plou i el tr\u00e0nsit \u00e9s una bogeria &#8230; Descobreix els avantatges de la bugaderia autoservei al centre comercial.<\/span><\/h2>\n<\/blockquote>\n<p>El centre comercial \u00e9s un espai ple de serveis i entreteniment, de manera que poder fer all\u00e0 mateix <a href=\"https:\/\/lawash.es\/hacer-la-colada-semanal-en-la-wash\/\" target=\"_blank\" rel=\"noopener noreferrer\">la bugada setmanal \u00e9s<\/a>, en si mateix, un gran avantatge.<\/p>\n<h2><strong>Per qu\u00e8 escollir el centre comercial per a la bugada<\/strong><\/h2>\n<p>Entre totes les comoditats que ofereixen els centres comercials el que s&#8217;emporta la major valoraci\u00f3 \u00e9s el d&#8217;estacionament del nostre cotxe assegurat.<\/p>\n<p>Sens dubte, davant d&#8217;altres establiments que no estan a prop de casa, l&#8217;\u00e0rea de p\u00e0rquing \u00e9s un gran avantatge.<\/p>\n<p>Per\u00f2 tamb\u00e9 trobes molt c\u00f2mode fer la bugada al centre comercial ja que durant el temps de rentat i assecat de la bugada, pots anar a fer les compres o algun regal, el llibre que volies comprar, la compra dels material escolar, i tantes altres coses.<\/p>\n<h2>Aprofitar la bugaderia autoservei al centre comercial<\/h2>\n<p>Per treure el m\u00e0xim partit de la bugaderia autoservei al centre comercial el millor \u00e9s que tingueu en compte algunes recomanacions:<\/p>\n<ul>\n<li>L&#8217;horari. Com en tots els comer\u00e7os la clau est\u00e0 en evitar les hores punta. Tot i que la bugaderia autoservei tingui \u00e0mplies dimensions, la quantitat de m\u00e0quines de rentat i assecat \u00e9s limitada i \u00e9s possible que, en les hores punta, les trobis ocupades i calgui esperar.<\/li>\n<li>Deixa els \u00e0pats i el cinema per al final. Recorda que els programes de rentat no porten m\u00e9s que 30 minuts, igual que el d&#8217;assecat, aix\u00ed que haureu de ser-hi per retirar la bugada llista per portar a casa completament seca.<\/li>\n<li>Control del temps. Com tamb\u00e9 passa en altres establiments fora dels centres comercials, cal que desocupes la m\u00e0quina el m\u00e9s aviat possible i deixis el seu \u00fas a una altra persona que es troba en la mateixa situaci\u00f3 que tu, la necessitat <a href=\"https:\/\/lawash.es\/hacer-la-colada-semanal-en-la-wash\/\" target=\"_blank\" rel=\"noopener noreferrer\">realitzar la bugada en el menor temps possible<\/a>.\u00a0Controla l&#8217;horari, programa una alarma al teu m\u00f2bil o <a href=\"https:\/\/lawash.es\/ca\/lapp-de-la-wash\/\" target=\"_blank\" rel=\"noopener noreferrer\">instal\u00b7la&#8217;t l&#8217;App La Wash per rebre l&#8217;av\u00eds quan hi hagi finalitzat<\/a> la teva m\u00e0quina de rentat o assecat.<\/li>\n<\/ul>\n<p>Quan necessiteu fer una bugada urgent i al mateix temps ocupar-te d&#8217;altres compres,<a href=\"https:\/\/lawash.es\/ca\/la-wash-modular\/\" target=\"_blank\" rel=\"noopener noreferrer\">treu-li el m\u00e0xim profit a la bugaderia autoservei del centre comercial.<\/a><\/p>\n","protected":false},"excerpt":{"rendered":"<p>Avantatges de la bugaderia autoservei al centre comercial.<br \/>\nHas de fer la bugada de la forma m\u00e9s r\u00e0pida possible, plou i el tr\u00e0nsit \u00e9s una bogeria &#8230; Descobreix els avantatges de la bugaderia autoservei al centre comercial.<\/p>\n","protected":false},"author":1,"featured_media":861,"comment_status":"closed","ping_status":"closed","sticky":false,"template":"","format":"standard","meta":{"_acf_changed":false,"inline_featured_image":false,"footnotes":""},"categories":[228],"tags":[],"class_list":["post-1041","post","type-post","status-publish","format-standard","has-post-thumbnail","hentry","category-bugaderies-la-wash"],"acf":[],"yoast_head":"<!-- This site is optimized with the Yoast SEO plugin v24.4 - https:\/\/yoast.com\/wordpress\/plugins\/seo\/ -->\n<title>La bugaderia autoservei al centre comercial | La Wash<\/title>\n<meta name=\"description\" content=\"Has de fer la bugada, plou i el tr\u00e0nsit \u00e9s una bogeria ... Descobreix els avantatges de la bugaderia autoservei al centre comercial.|Has de fer la bugada, plou i el tr\u00e0nsit \u00e9s una bogeria ... Descobreix els avantatges de la bugaderia autoservei al centre comercial.\" \/>\n<meta name=\"robots\" content=\"index, follow, max-snippet:-1, max-image-preview:large, max-video-preview:-1\" \/>\n<link rel=\"canonical\" href=\"https:\/\/lawash.es\/ca\/la-bugaderia-autoservei-al-centre-comercial\/\" \/>\n<meta property=\"og:locale\" content=\"ca_ES\" \/>\n<meta property=\"og:type\" content=\"article\" \/>\n<meta property=\"og:title\" content=\"La bugaderia autoservei al centre comercial | La Wash\" \/>\n<meta property=\"og:description\" content=\"Has de fer la bugada, plou i el tr\u00e0nsit \u00e9s una bogeria ... Descobreix els avantatges de la bugaderia autoservei al centre comercial.|Has de fer la bugada, plou i el tr\u00e0nsit \u00e9s una bogeria ... Descobreix els avantatges de la bugaderia autoservei al centre comercial.\" \/>\n<meta property=\"og:url\" content=\"https:\/\/lawash.es\/ca\/la-bugaderia-autoservei-al-centre-comercial\/\" \/>\n<meta property=\"og:site_name\" content=\"La Wash\" \/>\n<meta property=\"article:published_time\" content=\"2018-12-08T23:00:00+00:00\" \/>\n<meta property=\"article:modified_time\" content=\"2024-08-19T15:23:25+00:00\" \/>\n<meta property=\"og:image\" content=\"https:\/\/lawash.es\/wp-content\/uploads\/2024\/08\/la-colada-en-la-wash-lavanderia-autoservicio-carretera-de-matadepera-241-terrassa.jpg\" \/>\n\t<meta property=\"og:image:width\" content=\"1024\" \/>\n\t<meta property=\"og:image:height\" content=\"768\" \/>\n\t<meta property=\"og:image:type\" content=\"image\/jpeg\" \/>\n<meta name=\"author\" content=\"nitsnets\" \/>\n<meta name=\"twitter:card\" content=\"summary_large_image\" \/>\n<meta name=\"twitter:label1\" content=\"Escrit per\" \/>\n\t<meta name=\"twitter:data1\" content=\"nitsnets\" \/>\n\t<meta name=\"twitter:label2\" content=\"Temps estimat de lectura\" \/>\n\t<meta name=\"twitter:data2\" content=\"1 minut\" \/>\n<!-- \/ Yoast SEO plugin. -->","yoast_head_json":{"title":"La bugaderia autoservei al centre comercial | La Wash","description":"Has de fer la bugada, plou i el tr\u00e0nsit \u00e9s una bogeria ... Descobreix els avantatges de la bugaderia autoservei al centre comercial.|Has de fer la bugada, plou i el tr\u00e0nsit \u00e9s una bogeria ... Descobreix els avantatges de la bugaderia autoservei al centre comercial.","robots":{"index":"index","follow":"follow","max-snippet":"max-snippet:-1","max-image-preview":"max-image-preview:large","max-video-preview":"max-video-preview:-1"},"canonical":"https:\/\/lawash.es\/ca\/la-bugaderia-autoservei-al-centre-comercial\/","og_locale":"ca_ES","og_type":"article","og_title":"La bugaderia autoservei al centre comercial | La Wash","og_description":"Has de fer la bugada, plou i el tr\u00e0nsit \u00e9s una bogeria ... Descobreix els avantatges de la bugaderia autoservei al centre comercial.|Has de fer la bugada, plou i el tr\u00e0nsit \u00e9s una bogeria ... Descobreix els avantatges de la bugaderia autoservei al centre comercial.","og_url":"https:\/\/lawash.es\/ca\/la-bugaderia-autoservei-al-centre-comercial\/","og_site_name":"La Wash","article_published_time":"2018-12-08T23:00:00+00:00","article_modified_time":"2024-08-19T15:23:25+00:00","og_image":[{"width":1024,"height":768,"url":"https:\/\/lawash.es\/wp-content\/uploads\/2024\/08\/la-colada-en-la-wash-lavanderia-autoservicio-carretera-de-matadepera-241-terrassa.jpg","type":"image\/jpeg"}],"author":"nitsnets","twitter_card":"summary_large_image","twitter_misc":{"Escrit per":"nitsnets","Temps estimat de lectura":"1 minut"},"schema":{"@context":"https:\/\/schema.org","@graph":[{"@type":"WebPage","@id":"https:\/\/lawash.es\/ca\/la-bugaderia-autoservei-al-centre-comercial\/","url":"https:\/\/lawash.es\/ca\/la-bugaderia-autoservei-al-centre-comercial\/","name":"La bugaderia autoservei al centre comercial | La Wash","isPartOf":{"@id":"https:\/\/lawash.es\/ca\/#website"},"primaryImageOfPage":{"@id":"https:\/\/lawash.es\/ca\/la-bugaderia-autoservei-al-centre-comercial\/#primaryimage"},"image":{"@id":"https:\/\/lawash.es\/ca\/la-bugaderia-autoservei-al-centre-comercial\/#primaryimage"},"thumbnailUrl":"https:\/\/lawash.es\/wp-content\/uploads\/2024\/08\/la-colada-en-la-wash-lavanderia-autoservicio-carretera-de-matadepera-241-terrassa.jpg","datePublished":"2018-12-08T23:00:00+00:00","dateModified":"2024-08-19T15:23:25+00:00","author":{"@id":"https:\/\/lawash.es\/ca\/#\/schema\/person\/72600b819a5c53a0e6e2fd8d68c881fe"},"description":"Has de fer la bugada, plou i el tr\u00e0nsit \u00e9s una bogeria ... Descobreix els avantatges de la bugaderia autoservei al centre comercial.|Has de fer la bugada, plou i el tr\u00e0nsit \u00e9s una bogeria ... Descobreix els avantatges de la bugaderia autoservei al centre comercial.","breadcrumb":{"@id":"https:\/\/lawash.es\/ca\/la-bugaderia-autoservei-al-centre-comercial\/#breadcrumb"},"inLanguage":"ca","potentialAction":[{"@type":"ReadAction","target":["https:\/\/lawash.es\/ca\/la-bugaderia-autoservei-al-centre-comercial\/"]}]},{"@type":"ImageObject","inLanguage":"ca","@id":"https:\/\/lawash.es\/ca\/la-bugaderia-autoservei-al-centre-comercial\/#primaryimage","url":"https:\/\/lawash.es\/wp-content\/uploads\/2024\/08\/la-colada-en-la-wash-lavanderia-autoservicio-carretera-de-matadepera-241-terrassa.jpg","contentUrl":"https:\/\/lawash.es\/wp-content\/uploads\/2024\/08\/la-colada-en-la-wash-lavanderia-autoservicio-carretera-de-matadepera-241-terrassa.jpg","width":1024,"height":768},{"@type":"BreadcrumbList","@id":"https:\/\/lawash.es\/ca\/la-bugaderia-autoservei-al-centre-comercial\/#breadcrumb","itemListElement":[{"@type":"ListItem","position":1,"name":"Portada","item":"https:\/\/lawash.es\/ca\/"},{"@type":"ListItem","position":2,"name":"La bugaderia autoservei al centre comercial"}]},{"@type":"WebSite","@id":"https:\/\/lawash.es\/ca\/#website","url":"https:\/\/lawash.es\/ca\/","name":"La Wash","description":"Franquicia de lavander\u00edas autoservicio","potentialAction":[{"@type":"SearchAction","target":{"@type":"EntryPoint","urlTemplate":"https:\/\/lawash.es\/ca\/?s={search_term_string}"},"query-input":{"@type":"PropertyValueSpecification","valueRequired":true,"valueName":"search_term_string"}}],"inLanguage":"ca"},{"@type":"Person","@id":"https:\/\/lawash.es\/ca\/#\/schema\/person\/72600b819a5c53a0e6e2fd8d68c881fe","name":"nitsnets","image":{"@type":"ImageObject","inLanguage":"ca","@id":"https:\/\/lawash.es\/ca\/#\/schema\/person\/image\/","url":"https:\/\/secure.gravatar.com\/avatar\/1e462f4b91125d8c14ba3b53204d11a40ce8ab56a568905aa3305ff4da18bbc4?s=96&d=mm&r=g","contentUrl":"https:\/\/secure.gravatar.com\/avatar\/1e462f4b91125d8c14ba3b53204d11a40ce8ab56a568905aa3305ff4da18bbc4?s=96&d=mm&r=g","caption":"nitsnets"},"sameAs":["https:\/\/lawash.es"],"url":"https:\/\/lawash.es\/ca\/author\/nitsnets\/"}]}},"_links":{"self":[{"href":"https:\/\/lawash.es\/ca\/wp-json\/wp\/v2\/posts\/1041","targetHints":{"allow":["GET"]}}],"collection":[{"href":"https:\/\/lawash.es\/ca\/wp-json\/wp\/v2\/posts"}],"about":[{"href":"https:\/\/lawash.es\/ca\/wp-json\/wp\/v2\/types\/post"}],"author":[{"embeddable":true,"href":"https:\/\/lawash.es\/ca\/wp-json\/wp\/v2\/users\/1"}],"replies":[{"embeddable":true,"href":"https:\/\/lawash.es\/ca\/wp-json\/wp\/v2\/comments?post=1041"}],"version-history":[{"count":0,"href":"https:\/\/lawash.es\/ca\/wp-json\/wp\/v2\/posts\/1041\/revisions"}],"wp:featuredmedia":[{"embeddable":true,"href":"https:\/\/lawash.es\/ca\/wp-json\/wp\/v2\/media\/861"}],"wp:attachment":[{"href":"https:\/\/lawash.es\/ca\/wp-json\/wp\/v2\/media?parent=1041"}],"wp:term":[{"taxonomy":"category","embeddable":true,"href":"https:\/\/lawash.es\/ca\/wp-json\/wp\/v2\/categories?post=1041"},{"taxonomy":"post_tag","embeddable":true,"href":"https:\/\/lawash.es\/ca\/wp-json\/wp\/v2\/tags?post=1041"}],"curies":[{"name":"wp","href":"https:\/\/api.w.org\/{rel}","templated":true}]}}