{"id":1042,"date":"2018-12-04T00:00:00","date_gmt":"2018-12-03T23:00:00","guid":{"rendered":"https:\/\/lawash.es\/la-bugaderia-autoservei-a-les-festes-de-nadal\/"},"modified":"2024-08-19T17:23:49","modified_gmt":"2024-08-19T15:23:49","slug":"la-bugaderia-autoservei-a-les-festes-de-nadal","status":"publish","type":"post","link":"https:\/\/lawash.es\/ca\/la-bugaderia-autoservei-a-les-festes-de-nadal\/","title":{"rendered":"La bugaderia autoservei a les festes de Nadal"},"content":{"rendered":"<h1><strong>Avantatges de la bugaderia autoservei La Wash a les festes de Nadal<\/strong><\/h1>\n<hr \/>\n<blockquote>\n<h2><strong><span style=\"color: #000080;\">Les celebracions deixen una important quantitat de teixits per higienitzar, per aix\u00f2 \u00e9s moment per con\u00e8ixer els avantatges de la bugaderia autoservei a les festes de Nadal.<\/span><\/strong><\/h2>\n<\/blockquote>\n<hr \/>\n<p>Els banquets de Nadal deixen diversos teixits, com estovalles, tovallons i draps de cuina, que necessiten una higiene profunda. I, si reps familiars de visita, tamb\u00e9 hi haur\u00e0 de passar per la bugada una quantitat de roba de llit.<\/p>\n<h3>Les bugaderies autoservei La Wash s\u00f3n una soluci\u00f3 eficient per al sector de la restauraci\u00f3<\/h3>\n<p><span style=\"font-family: midiet-sansbold;\">Per al sector de restauraci\u00f3,<\/span> el sopar de nit bona i el menjar de Nadal representen una bona quantitat d&#8217;ingressos i una considerable emerg\u00e8ncia a la higiene de les estovalles.<\/p>\n<p><span style=\"font-family: midiet-sansbold;\">Es necessita d&#8217;un servei de rentat<\/span> amb una capacitat considerable i fins i tot industrial, per\u00f2 amb temps de rentat controlats que permetin comptar amb els estris a temps per al recanvi entre banquets.<\/p>\n<p><strong>Entre els avantatges de la bugaderia autoservei a les festes de Nadal, en particular per establiments del sector de restauraci\u00f3 i hostaleria, la velocitat \u00e9s el factor principal.<\/strong><\/p>\n<p>Per\u00f2 una altra consideraci\u00f3 important \u00e9s la possibilitat de realitzar una neteja profunda, i tenir tot sec, en nom\u00e9s una hora.<\/p>\n<p>Tant per als preparatius de la festa de nadal, com per afrontar el repte dels banquets o per guardar els t\u00e8xtils completament nets i secs despr\u00e9s, la bugaderia autoservei La Wash m\u00e9s propera \u00e9s la soluci\u00f3.<\/p>\n<h3>Sense horaris especials en els dies festius, les bugaderies autoservei La Wash segueixen amb els horaris de 7:00 a 22:00 de dilluns a diumenge<\/h3>\n<p>Un dels avantatges singulars dels establiments La Wash \u00e9s que no presenten restriccions hor\u00e0ries. En els dies festius, com qualsevol altre dia, es troba obert de 7 a 22 hores.<\/p>\n<p><strong>Una condici\u00f3 important per evitar les taques permanents en els t\u00e8xtils, \u00e9s rentar-los el m\u00e9s aviat possible.<\/strong><\/p>\n<p>Tamb\u00e9 \u00e9s important que, despr\u00e9s d&#8217;un rentat profund, els teixits quedin ben secs abans de guardar-los.<\/p>\n<blockquote>\n<h2><span style=\"color: #000080;\">Una opci\u00f3 econ\u00f2mica, r\u00e0pida i efica\u00e7 per realitzar tota la bugada dels t\u00e8xtils m\u00e9s dif\u00edcils en nom\u00e9s una hora en aquestes festes de Nadal a La Wash.<\/span><\/h2>\n<\/blockquote>\n","protected":false},"excerpt":{"rendered":"<p>Les celebracions deixen una important quantitat de teixits per higienitzar, per aix\u00f2 \u00e9s moment per con\u00e8ixer els avantatges de la bugaderia autoservei a les festes de Nadal.<\/p>\n","protected":false},"author":1,"featured_media":859,"comment_status":"closed","ping_status":"closed","sticky":false,"template":"","format":"standard","meta":{"_acf_changed":false,"inline_featured_image":false,"footnotes":""},"categories":[228],"tags":[],"class_list":["post-1042","post","type-post","status-publish","format-standard","has-post-thumbnail","hentry","category-bugaderies-la-wash"],"acf":[],"yoast_head":"<!-- This site is optimized with the Yoast SEO plugin v24.4 - https:\/\/yoast.com\/wordpress\/plugins\/seo\/ -->\n<title>La bugaderia autoservei a les festes de Nadal | La Wash<\/title>\n<meta name=\"description\" content=\"Les celebracions deixen una gran quantitat de roba, \u00e9s moment per con\u00e8ixer els avantatges de la bugaderia autoservei en de Nadal.|Les celebracions deixen una gran quantitat de roba, \u00e9s moment per con\u00e8ixer els avantatges de la bugaderia autoservei en de Nadal.\" \/>\n<meta name=\"robots\" content=\"index, follow, max-snippet:-1, max-image-preview:large, max-video-preview:-1\" \/>\n<link rel=\"canonical\" href=\"https:\/\/lawash.es\/ca\/la-bugaderia-autoservei-a-les-festes-de-nadal\/\" \/>\n<meta property=\"og:locale\" content=\"ca_ES\" \/>\n<meta property=\"og:type\" content=\"article\" \/>\n<meta property=\"og:title\" content=\"La bugaderia autoservei a les festes de Nadal | La Wash\" \/>\n<meta property=\"og:description\" content=\"Les celebracions deixen una gran quantitat de roba, \u00e9s moment per con\u00e8ixer els avantatges de la bugaderia autoservei en de Nadal.|Les celebracions deixen una gran quantitat de roba, \u00e9s moment per con\u00e8ixer els avantatges de la bugaderia autoservei en de Nadal.\" \/>\n<meta property=\"og:url\" content=\"https:\/\/lawash.es\/ca\/la-bugaderia-autoservei-a-les-festes-de-nadal\/\" \/>\n<meta property=\"og:site_name\" content=\"La Wash\" \/>\n<meta property=\"article:published_time\" content=\"2018-12-03T23:00:00+00:00\" \/>\n<meta property=\"article:modified_time\" content=\"2024-08-19T15:23:49+00:00\" \/>\n<meta property=\"og:image\" content=\"https:\/\/lawash.es\/wp-content\/uploads\/2024\/08\/la-lavanderia-autoservicio-en-las-fiestas-de-navidad.jpg\" \/>\n\t<meta property=\"og:image:width\" content=\"1920\" \/>\n\t<meta property=\"og:image:height\" content=\"1280\" \/>\n\t<meta property=\"og:image:type\" content=\"image\/jpeg\" \/>\n<meta name=\"author\" content=\"nitsnets\" \/>\n<meta name=\"twitter:card\" content=\"summary_large_image\" \/>\n<meta name=\"twitter:label1\" content=\"Escrit per\" \/>\n\t<meta name=\"twitter:data1\" content=\"nitsnets\" \/>\n\t<meta name=\"twitter:label2\" content=\"Temps estimat de lectura\" \/>\n\t<meta name=\"twitter:data2\" content=\"1 minut\" \/>\n<!-- \/ Yoast SEO plugin. -->","yoast_head_json":{"title":"La bugaderia autoservei a les festes de Nadal | La Wash","description":"Les celebracions deixen una gran quantitat de roba, \u00e9s moment per con\u00e8ixer els avantatges de la bugaderia autoservei en de Nadal.|Les celebracions deixen una gran quantitat de roba, \u00e9s moment per con\u00e8ixer els avantatges de la bugaderia autoservei en de Nadal.","robots":{"index":"index","follow":"follow","max-snippet":"max-snippet:-1","max-image-preview":"max-image-preview:large","max-video-preview":"max-video-preview:-1"},"canonical":"https:\/\/lawash.es\/ca\/la-bugaderia-autoservei-a-les-festes-de-nadal\/","og_locale":"ca_ES","og_type":"article","og_title":"La bugaderia autoservei a les festes de Nadal | La Wash","og_description":"Les celebracions deixen una gran quantitat de roba, \u00e9s moment per con\u00e8ixer els avantatges de la bugaderia autoservei en de Nadal.|Les celebracions deixen una gran quantitat de roba, \u00e9s moment per con\u00e8ixer els avantatges de la bugaderia autoservei en de Nadal.","og_url":"https:\/\/lawash.es\/ca\/la-bugaderia-autoservei-a-les-festes-de-nadal\/","og_site_name":"La Wash","article_published_time":"2018-12-03T23:00:00+00:00","article_modified_time":"2024-08-19T15:23:49+00:00","og_image":[{"width":1920,"height":1280,"url":"https:\/\/lawash.es\/wp-content\/uploads\/2024\/08\/la-lavanderia-autoservicio-en-las-fiestas-de-navidad.jpg","type":"image\/jpeg"}],"author":"nitsnets","twitter_card":"summary_large_image","twitter_misc":{"Escrit per":"nitsnets","Temps estimat de lectura":"1 minut"},"schema":{"@context":"https:\/\/schema.org","@graph":[{"@type":"WebPage","@id":"https:\/\/lawash.es\/ca\/la-bugaderia-autoservei-a-les-festes-de-nadal\/","url":"https:\/\/lawash.es\/ca\/la-bugaderia-autoservei-a-les-festes-de-nadal\/","name":"La bugaderia autoservei a les festes de Nadal | La Wash","isPartOf":{"@id":"https:\/\/lawash.es\/ca\/#website"},"primaryImageOfPage":{"@id":"https:\/\/lawash.es\/ca\/la-bugaderia-autoservei-a-les-festes-de-nadal\/#primaryimage"},"image":{"@id":"https:\/\/lawash.es\/ca\/la-bugaderia-autoservei-a-les-festes-de-nadal\/#primaryimage"},"thumbnailUrl":"https:\/\/lawash.es\/wp-content\/uploads\/2024\/08\/la-lavanderia-autoservicio-en-las-fiestas-de-navidad.jpg","datePublished":"2018-12-03T23:00:00+00:00","dateModified":"2024-08-19T15:23:49+00:00","author":{"@id":"https:\/\/lawash.es\/ca\/#\/schema\/person\/72600b819a5c53a0e6e2fd8d68c881fe"},"description":"Les celebracions deixen una gran quantitat de roba, \u00e9s moment per con\u00e8ixer els avantatges de la bugaderia autoservei en de Nadal.|Les celebracions deixen una gran quantitat de roba, \u00e9s moment per con\u00e8ixer els avantatges de la bugaderia autoservei en de Nadal.","breadcrumb":{"@id":"https:\/\/lawash.es\/ca\/la-bugaderia-autoservei-a-les-festes-de-nadal\/#breadcrumb"},"inLanguage":"ca","potentialAction":[{"@type":"ReadAction","target":["https:\/\/lawash.es\/ca\/la-bugaderia-autoservei-a-les-festes-de-nadal\/"]}]},{"@type":"ImageObject","inLanguage":"ca","@id":"https:\/\/lawash.es\/ca\/la-bugaderia-autoservei-a-les-festes-de-nadal\/#primaryimage","url":"https:\/\/lawash.es\/wp-content\/uploads\/2024\/08\/la-lavanderia-autoservicio-en-las-fiestas-de-navidad.jpg","contentUrl":"https:\/\/lawash.es\/wp-content\/uploads\/2024\/08\/la-lavanderia-autoservicio-en-las-fiestas-de-navidad.jpg","width":1920,"height":1280},{"@type":"BreadcrumbList","@id":"https:\/\/lawash.es\/ca\/la-bugaderia-autoservei-a-les-festes-de-nadal\/#breadcrumb","itemListElement":[{"@type":"ListItem","position":1,"name":"Portada","item":"https:\/\/lawash.es\/ca\/"},{"@type":"ListItem","position":2,"name":"La bugaderia autoservei a les festes de Nadal"}]},{"@type":"WebSite","@id":"https:\/\/lawash.es\/ca\/#website","url":"https:\/\/lawash.es\/ca\/","name":"La Wash","description":"Franquicia de lavander\u00edas autoservicio","potentialAction":[{"@type":"SearchAction","target":{"@type":"EntryPoint","urlTemplate":"https:\/\/lawash.es\/ca\/?s={search_term_string}"},"query-input":{"@type":"PropertyValueSpecification","valueRequired":true,"valueName":"search_term_string"}}],"inLanguage":"ca"},{"@type":"Person","@id":"https:\/\/lawash.es\/ca\/#\/schema\/person\/72600b819a5c53a0e6e2fd8d68c881fe","name":"nitsnets","image":{"@type":"ImageObject","inLanguage":"ca","@id":"https:\/\/lawash.es\/ca\/#\/schema\/person\/image\/","url":"https:\/\/secure.gravatar.com\/avatar\/1e462f4b91125d8c14ba3b53204d11a40ce8ab56a568905aa3305ff4da18bbc4?s=96&d=mm&r=g","contentUrl":"https:\/\/secure.gravatar.com\/avatar\/1e462f4b91125d8c14ba3b53204d11a40ce8ab56a568905aa3305ff4da18bbc4?s=96&d=mm&r=g","caption":"nitsnets"},"sameAs":["https:\/\/lawash.es"],"url":"https:\/\/lawash.es\/ca\/author\/nitsnets\/"}]}},"_links":{"self":[{"href":"https:\/\/lawash.es\/ca\/wp-json\/wp\/v2\/posts\/1042","targetHints":{"allow":["GET"]}}],"collection":[{"href":"https:\/\/lawash.es\/ca\/wp-json\/wp\/v2\/posts"}],"about":[{"href":"https:\/\/lawash.es\/ca\/wp-json\/wp\/v2\/types\/post"}],"author":[{"embeddable":true,"href":"https:\/\/lawash.es\/ca\/wp-json\/wp\/v2\/users\/1"}],"replies":[{"embeddable":true,"href":"https:\/\/lawash.es\/ca\/wp-json\/wp\/v2\/comments?post=1042"}],"version-history":[{"count":0,"href":"https:\/\/lawash.es\/ca\/wp-json\/wp\/v2\/posts\/1042\/revisions"}],"wp:featuredmedia":[{"embeddable":true,"href":"https:\/\/lawash.es\/ca\/wp-json\/wp\/v2\/media\/859"}],"wp:attachment":[{"href":"https:\/\/lawash.es\/ca\/wp-json\/wp\/v2\/media?parent=1042"}],"wp:term":[{"taxonomy":"category","embeddable":true,"href":"https:\/\/lawash.es\/ca\/wp-json\/wp\/v2\/categories?post=1042"},{"taxonomy":"post_tag","embeddable":true,"href":"https:\/\/lawash.es\/ca\/wp-json\/wp\/v2\/tags?post=1042"}],"curies":[{"name":"wp","href":"https:\/\/api.w.org\/{rel}","templated":true}]}}